{"id":264,"date":"2025-03-12T10:27:58","date_gmt":"2025-03-12T09:27:58","guid":{"rendered":"https:\/\/calvados-quebec.fr\/?p=264"},"modified":"2025-12-22T13:45:47","modified_gmt":"2025-12-22T12:45:47","slug":"semaine-de-la-francophonie-2025-dictee-calvados-quebec-a-l-sangruneur-mer","status":"publish","type":"post","link":"https:\/\/calvados-quebec.fr\/index.php\/2025\/03\/12\/semaine-de-la-francophonie-2025-dictee-calvados-quebec-a-l-sangruneur-mer\/","title":{"rendered":"Semaine de la Francophonie 2025 : dict\u00e9e Calvados-Qu\u00e9bec \u00e0 Langrune-sur-mer"},"content":{"rendered":"\n<figure class=\"wp-block-image size-large\"><img loading=\"lazy\" decoding=\"async\" width=\"1024\" height=\"682\" src=\"https:\/\/calvados-quebec.fr\/wp-content\/uploads\/2025\/03\/study-1231393_1280-1024x682.jpg\" alt=\"\" class=\"wp-image-265\" srcset=\"https:\/\/calvados-quebec.fr\/wp-content\/uploads\/2025\/03\/study-1231393_1280-1024x682.jpg 1024w, https:\/\/calvados-quebec.fr\/wp-content\/uploads\/2025\/03\/study-1231393_1280-300x200.jpg 300w, https:\/\/calvados-quebec.fr\/wp-content\/uploads\/2025\/03\/study-1231393_1280-768x512.jpg 768w, https:\/\/calvados-quebec.fr\/wp-content\/uploads\/2025\/03\/study-1231393_1280.jpg 1280w\" sizes=\"auto, (max-width: 1024px) 100vw, 1024px\" \/><\/figure>\n\n\n\n<p>La <strong>F\u00e9d\u00e9ration France-Qu\u00e9bec\/francophonie<\/strong>, son \u00e9quipe coordinatrice de la dict\u00e9e en partenariat avec le <strong>r\u00e9seau Qu\u00e9bec France francophonie<\/strong>, vous proposent de participer \u00e0 cette manifestation originale, p\u00e9renne et ludique, qui a pour principal objectif de sensibiliser un large public \u00e0 la richesse et \u00e0 la diversit\u00e9 de la langue fran\u00e7aise. Cr\u00e9\u00e9e en 2001 \u00e0 l\u2019initiative de la F\u00e9d\u00e9ration France-Qu\u00e9bec \/ francophonie, les Dict\u00e9es francophones figurent officiellement depuis 2004 au programme des activit\u00e9s mondiales de la <strong><em>Semaine de la langue fran\u00e7aise et de la Francophonie<\/em>, qui a lieu cette ann\u00e9e du 15 au 23 mars<em>.<\/em><\/strong><\/p>\n\n\n\n<p>Calvados-Qu\u00e9bec vous donne Rendez-Vous samedi 22 mars prochain \u00e0 14h00 \u00e0 la <strong>Biblioth\u00e8que de LANGRUNE SUR MER \u00e0 14h00<a href=\"https:\/\/www.google.com\/url?sa=t&amp;source=web&amp;rct=j&amp;opi=89978449&amp;url=\/maps\/place\/\/data%3D!4m2!3m1!1s0x480a5f5e44e9cec1:0x798ee2cb05d4cbb%3Fsa%3DX%26ved%3D1t:8290%26ictx%3D111&amp;ved=2ahUKEwjcuc-xmoSMAxWKVaQEHXl7GMEQ4kB6BAgkEAM&amp;usg=AOvVaw0oScuHcbinyie601hZ54iv\"> &#8211; <\/a> 2 rue Abb\u00e9 Rolland- Ouvert \u00e0 tous &#8211; Tel :<\/strong> 02 31 96 59 44 &#8211; <strong>La dict\u00e9e sera suivie d&rsquo;un go\u00fbter qu\u00e9becois convivial.<\/strong><\/p>\n\n\n\n<p>Le samedi 22 mars est \u00e9galement la date du lancement officiel de l&rsquo;action \u00ab<strong>&nbsp;Solidarit\u00e9 Mayotte&nbsp;\u00bb<\/strong>. Parall\u00e8lement aux exigences de l&rsquo;organisation locale, les participants au concours de la dict\u00e9e pourront s\u2019ils le souhaitent gratifier l\u2019Entente Ile de France Qu\u00e9bec, organisateur de cette action, d\u2019une somme laiss\u00e9e \u00e0 leur appr\u00e9ciation, qui sera enti\u00e8rement d\u00e9volue \u00e0 l\u2019acheminement de fournitures scolaires assembl\u00e9es par nos amis de Lorraine, organisateurs de la dict\u00e9e scolaire, ou \u00e0 l\u2019achat de fournitures, directement sur place, sur indication de nos coll\u00e8gues mahorais.<\/p>\n\n\n\n<p>Mat\u00e9riel fourni. Participation aux frais : 3 euros.<\/p>\n\n\n\n<p><strong>Infos : 06 76 87 62 30 et contact@calvados-quebec.fr<\/strong><\/p>\n\n\n\n<p><\/p>\n\n\n\n<ol style=\"list-style-type:lower-alpha\" class=\"wp-block-list\">\n<li><\/li>\n<\/ol>\n\n\n\n<figure class=\"wp-block-image size-large\"><img loading=\"lazy\" decoding=\"async\" width=\"1024\" height=\"681\" src=\"https:\/\/calvados-quebec.fr\/wp-content\/uploads\/2025\/03\/christmas-background-1204029_1280-1024x681.jpg\" alt=\"\" class=\"wp-image-266\" srcset=\"https:\/\/calvados-quebec.fr\/wp-content\/uploads\/2025\/03\/christmas-background-1204029_1280-1024x681.jpg 1024w, https:\/\/calvados-quebec.fr\/wp-content\/uploads\/2025\/03\/christmas-background-1204029_1280-300x199.jpg 300w, https:\/\/calvados-quebec.fr\/wp-content\/uploads\/2025\/03\/christmas-background-1204029_1280-768x511.jpg 768w, https:\/\/calvados-quebec.fr\/wp-content\/uploads\/2025\/03\/christmas-background-1204029_1280.jpg 1280w\" sizes=\"auto, (max-width: 1024px) 100vw, 1024px\" \/><\/figure>\n","protected":false},"excerpt":{"rendered":"<p>La F\u00e9d\u00e9ration France-Qu\u00e9bec\/francophonie, son \u00e9quipe coordinatrice de la dict\u00e9e en partenariat avec le r\u00e9seau Qu\u00e9bec France francophonie, vous proposent de participer \u00e0 cette manifestation originale, p\u00e9renne et ludique, qui a pour principal objectif de sensibiliser un large public \u00e0 la richesse et \u00e0 la diversit\u00e9 de la langue fran\u00e7aise. Cr\u00e9\u00e9e en 2001 \u00e0 l\u2019initiative de&#8230;<\/p>\n","protected":false},"author":1,"featured_media":267,"comment_status":"open","ping_status":"open","sticky":false,"template":"","format":"standard","meta":{"_kad_post_transparent":"","_kad_post_title":"","_kad_post_layout":"","_kad_post_sidebar_id":"","_kad_post_content_style":"","_kad_post_vertical_padding":"","_kad_post_feature":"","_kad_post_feature_position":"","_kad_post_header":false,"_kad_post_footer":false,"footnotes":""},"categories":[5],"tags":[],"class_list":["post-264","post","type-post","status-publish","format-standard","has-post-thumbnail","hentry","category-evenements"],"_links":{"self":[{"href":"https:\/\/calvados-quebec.fr\/index.php\/wp-json\/wp\/v2\/posts\/264","targetHints":{"allow":["GET"]}}],"collection":[{"href":"https:\/\/calvados-quebec.fr\/index.php\/wp-json\/wp\/v2\/posts"}],"about":[{"href":"https:\/\/calvados-quebec.fr\/index.php\/wp-json\/wp\/v2\/types\/post"}],"author":[{"embeddable":true,"href":"https:\/\/calvados-quebec.fr\/index.php\/wp-json\/wp\/v2\/users\/1"}],"replies":[{"embeddable":true,"href":"https:\/\/calvados-quebec.fr\/index.php\/wp-json\/wp\/v2\/comments?post=264"}],"version-history":[{"count":3,"href":"https:\/\/calvados-quebec.fr\/index.php\/wp-json\/wp\/v2\/posts\/264\/revisions"}],"predecessor-version":[{"id":273,"href":"https:\/\/calvados-quebec.fr\/index.php\/wp-json\/wp\/v2\/posts\/264\/revisions\/273"}],"wp:featuredmedia":[{"embeddable":true,"href":"https:\/\/calvados-quebec.fr\/index.php\/wp-json\/wp\/v2\/media\/267"}],"wp:attachment":[{"href":"https:\/\/calvados-quebec.fr\/index.php\/wp-json\/wp\/v2\/media?parent=264"}],"wp:term":[{"taxonomy":"category","embeddable":true,"href":"https:\/\/calvados-quebec.fr\/index.php\/wp-json\/wp\/v2\/categories?post=264"},{"taxonomy":"post_tag","embeddable":true,"href":"https:\/\/calvados-quebec.fr\/index.php\/wp-json\/wp\/v2\/tags?post=264"}],"curies":[{"name":"wp","href":"https:\/\/api.w.org\/{rel}","templated":true}]}}