{"id":176,"date":"2024-09-23T08:13:57","date_gmt":"2024-09-23T06:13:57","guid":{"rendered":"https:\/\/calvados-quebec.fr\/?p=176"},"modified":"2024-09-23T08:17:57","modified_gmt":"2024-09-23T06:17:57","slug":"mardi-24-septembre-2024-calvados-quebec-organise-une-dictee-francophone-a-la-foire-de-caen","status":"publish","type":"post","link":"https:\/\/calvados-quebec.fr\/index.php\/2024\/09\/23\/mardi-24-septembre-2024-calvados-quebec-organise-une-dictee-francophone-a-la-foire-de-caen\/","title":{"rendered":"Mardi 24 Septembre 2024 : Calvados Qu\u00e9bec organise une dict\u00e9e francophone \u00e0 la Foire de Caen"},"content":{"rendered":"\n<figure class=\"wp-block-image size-large\"><img loading=\"lazy\" decoding=\"async\" width=\"1024\" height=\"576\" src=\"https:\/\/calvados-quebec.fr\/wp-content\/uploads\/2024\/09\/maxresdefault-1024x576.jpg\" alt=\"dictee francophone\" class=\"wp-image-177\" srcset=\"https:\/\/calvados-quebec.fr\/wp-content\/uploads\/2024\/09\/maxresdefault-1024x576.jpg 1024w, https:\/\/calvados-quebec.fr\/wp-content\/uploads\/2024\/09\/maxresdefault-300x169.jpg 300w, https:\/\/calvados-quebec.fr\/wp-content\/uploads\/2024\/09\/maxresdefault-768x432.jpg 768w, https:\/\/calvados-quebec.fr\/wp-content\/uploads\/2024\/09\/maxresdefault.jpg 1280w\" sizes=\"auto, (max-width: 1024px) 100vw, 1024px\" \/><\/figure>\n\n\n\n<p>La \u00ab\u00a0parlure\u00a0\u00bb qu\u00e9becoise : c&rsquo;est fun !  Vous saviez que \u00ab\u00a0chauffer dans la noirceur\u00a0\u00bb, c&rsquo;est conduire la nuit en qu\u00e9becois ? <strong>Une dict\u00e9e amusante<\/strong> tout en comptant les fautes organis\u00e9e par France-Qu\u00e9bec et Calvados-Qu\u00e9bec pendant la Foire de Caen. Et pas besoin d&rsquo;\u00eatre un crac en orthographe : une dict\u00e9e fun m\u00e9langeant des expressions qu\u00e9becoises \u00e0 du fran\u00e7ais. <\/p>\n\n\n\n<p><strong>Quand ? Mardi 24 septembre au Hall 3 de la Foire <\/strong>(Hall principal de la mezzanine). <strong>Gratuit. De 10h15 \u00e0 11h30 (dict\u00e9e, correction et remise de cadeau).<\/strong><\/p>\n\n\n\n<p>Sans inscription &#8211; Plus d&rsquo;infos : <strong><a href=\"mailto:contact@calvados-quebec.fr\">contact@calvados-quebec.fr<\/a><\/strong><\/p>\n\n\n\n<figure class=\"wp-block-image size-large\"><img loading=\"lazy\" decoding=\"async\" width=\"1024\" height=\"576\" src=\"https:\/\/calvados-quebec.fr\/wp-content\/uploads\/2024\/09\/maxresdefault-1024x576.jpg\" alt=\"dictee francophone\" class=\"wp-image-177\" srcset=\"https:\/\/calvados-quebec.fr\/wp-content\/uploads\/2024\/09\/maxresdefault-1024x576.jpg 1024w, https:\/\/calvados-quebec.fr\/wp-content\/uploads\/2024\/09\/maxresdefault-300x169.jpg 300w, https:\/\/calvados-quebec.fr\/wp-content\/uploads\/2024\/09\/maxresdefault-768x432.jpg 768w, https:\/\/calvados-quebec.fr\/wp-content\/uploads\/2024\/09\/maxresdefault.jpg 1280w\" sizes=\"auto, (max-width: 1024px) 100vw, 1024px\" \/><\/figure>\n","protected":false},"excerpt":{"rendered":"<p>La \u00ab\u00a0parlure\u00a0\u00bb qu\u00e9becoise : c&rsquo;est fun ! Vous saviez que \u00ab\u00a0chauffer dans la noirceur\u00a0\u00bb, c&rsquo;est conduire la nuit en qu\u00e9becois ? Une dict\u00e9e amusante tout en comptant les fautes organis\u00e9e par France-Qu\u00e9bec et Calvados-Qu\u00e9bec pendant la Foire de Caen. Et pas besoin d&rsquo;\u00eatre un crac en orthographe : une dict\u00e9e fun m\u00e9langeant des expressions qu\u00e9becoises&#8230;<\/p>\n","protected":false},"author":1,"featured_media":0,"comment_status":"open","ping_status":"open","sticky":false,"template":"","format":"standard","meta":{"_kad_post_transparent":"","_kad_post_title":"","_kad_post_layout":"","_kad_post_sidebar_id":"","_kad_post_content_style":"","_kad_post_vertical_padding":"","_kad_post_feature":"","_kad_post_feature_position":"","_kad_post_header":false,"_kad_post_footer":false,"footnotes":""},"categories":[5],"tags":[10,11],"class_list":["post-176","post","type-post","status-publish","format-standard","hentry","category-evenements","tag-dictee-francophone","tag-francophonie"],"_links":{"self":[{"href":"https:\/\/calvados-quebec.fr\/index.php\/wp-json\/wp\/v2\/posts\/176","targetHints":{"allow":["GET"]}}],"collection":[{"href":"https:\/\/calvados-quebec.fr\/index.php\/wp-json\/wp\/v2\/posts"}],"about":[{"href":"https:\/\/calvados-quebec.fr\/index.php\/wp-json\/wp\/v2\/types\/post"}],"author":[{"embeddable":true,"href":"https:\/\/calvados-quebec.fr\/index.php\/wp-json\/wp\/v2\/users\/1"}],"replies":[{"embeddable":true,"href":"https:\/\/calvados-quebec.fr\/index.php\/wp-json\/wp\/v2\/comments?post=176"}],"version-history":[{"count":3,"href":"https:\/\/calvados-quebec.fr\/index.php\/wp-json\/wp\/v2\/posts\/176\/revisions"}],"predecessor-version":[{"id":180,"href":"https:\/\/calvados-quebec.fr\/index.php\/wp-json\/wp\/v2\/posts\/176\/revisions\/180"}],"wp:attachment":[{"href":"https:\/\/calvados-quebec.fr\/index.php\/wp-json\/wp\/v2\/media?parent=176"}],"wp:term":[{"taxonomy":"category","embeddable":true,"href":"https:\/\/calvados-quebec.fr\/index.php\/wp-json\/wp\/v2\/categories?post=176"},{"taxonomy":"post_tag","embeddable":true,"href":"https:\/\/calvados-quebec.fr\/index.php\/wp-json\/wp\/v2\/tags?post=176"}],"curies":[{"name":"wp","href":"https:\/\/api.w.org\/{rel}","templated":true}]}}